{"id":22621,"date":"2026-09-03T08:38:30","date_gmt":"2026-09-03T12:38:30","guid":{"rendered":"https:\/\/mathmatters.cms.math.ca\/article\/nouveau-appel-aux-benevoles-pour-les-comites-de-la-smc-date-limite-30-septembre-2026\/"},"modified":"2026-09-04T12:02:25","modified_gmt":"2026-09-04T16:02:25","slug":"nouveau-appel-aux-benevoles-pour-les-comites-de-la-smc-date-limite-30-septembre-2026","status":"publish","type":"article","link":"https:\/\/mathmatters.cms.math.ca\/fr\/article\/nouveau-appel-aux-benevoles-pour-les-comites-de-la-smc-date-limite-30-septembre-2026\/","title":{"rendered":"NOUVEAU: Appel aux b\u00e9n\u00e9voles pour les comit\u00e9s de la SMC | Date limite 30 Septembre 2026"},"content":{"rendered":"\t\t<div data-elementor-type=\"wp-post\" data-elementor-id=\"22621\" class=\"elementor elementor-22621 elementor-20733\" data-elementor-post-type=\"article\">\n\t\t\t\t\t\t<section class=\"elementor-section elementor-top-section elementor-element elementor-element-6f4c15d8 elementor-section-boxed elementor-section-height-default elementor-section-height-default\" data-id=\"6f4c15d8\" data-element_type=\"section\" data-e-type=\"section\">\n\t\t\t\t\t\t<div class=\"elementor-container elementor-column-gap-default\">\n\t\t\t\t\t<div class=\"elementor-column elementor-col-100 elementor-top-column elementor-element elementor-element-18da18f3\" data-id=\"18da18f3\" data-element_type=\"column\" data-e-type=\"column\">\n\t\t\t<div class=\"elementor-widget-wrap elementor-element-populated\">\n\t\t\t\t\t\t<div class=\"elementor-element elementor-element-453438c9 elementor-widget elementor-widget-text-editor\" data-id=\"453438c9\" data-element_type=\"widget\" data-e-type=\"widget\" data-widget_type=\"text-editor.default\">\n\t\t\t\t<div class=\"elementor-widget-container\">\n\t\t\t\t\t\t\t\t\t<p><\/p>\n<figure class=\"wp-block-image size-large is-resized\"><img fetchpriority=\"high\" decoding=\"async\" width=\"1024\" height=\"256\" class=\"wp-image-22614\" style=\"width: 722px; height: auto;\" src=\"https:\/\/mathmatters.cms.math.ca\/wp-content\/uploads\/2025\/09\/Google-Form-Headers-3-1024x256.jpg\" alt=\"\" srcset=\"https:\/\/mathmatters.cms.math.ca\/wp-content\/uploads\/2025\/09\/Google-Form-Headers-3-1024x256.jpg 1024w, https:\/\/mathmatters.cms.math.ca\/wp-content\/uploads\/2025\/09\/Google-Form-Headers-3-300x75.jpg 300w, https:\/\/mathmatters.cms.math.ca\/wp-content\/uploads\/2025\/09\/Google-Form-Headers-3-768x192.jpg 768w, https:\/\/mathmatters.cms.math.ca\/wp-content\/uploads\/2025\/09\/Google-Form-Headers-3-1536x384.jpg 1536w, https:\/\/mathmatters.cms.math.ca\/wp-content\/uploads\/2025\/09\/Google-Form-Headers-3.jpg 1920w\" sizes=\"(max-width: 1024px) 100vw, 1024px\" \/><\/figure>\n<p><\/p>\n<p><\/p>\n<p><\/p>\n<p><\/p>\n<p>Impliquez-vous aupr\u00e8s de la Soci\u00e9t\u00e9 math\u00e9matique du Canada (SMC). Nous sommes \u00e0 la recherche de b\u00e9n\u00e9voles enthousiastes pour se joindre \u00e0 nos comit\u00e9s permanents et \u00e0 nos comit\u00e9s de r\u00e9daction. C\u2019est l\u2019occasion de contribuer \u00e0 la mission et aux travaux importants de la Soci\u00e9t\u00e9 et de contribuer \u00e0 fa\u00e7onner la communaut\u00e9 math\u00e9matique canadienne.<\/p>\n<p><\/p>\n<p>Que vous soyez passionn\u00e9 par la gouvernance, la recherche ou un domaine particulier des math\u00e9matiques, vous trouverez une place qui vous convient. Plusieurs postes sont \u00e0 pourvoir au sein des comit\u00e9s, notamment des postes de membres, de pr\u00e9sidentes et pr\u00e9sidents, ainsi que des postes au sein des comit\u00e9s de r\u00e9daction, dont les mandats d\u00e9buteront le <strong>1<sup>er<\/sup>\u00a0janvier<\/strong>.<\/p>\n<p><\/p>\n<p>Veuillez manifester votre int\u00e9r\u00eat ou proposer la candidature d\u2019une ou d\u2019un coll\u00e8gue au moyen de notre formulaire en ligne d\u2019ici le <strong>30 septembre<\/strong>. Le Comit\u00e9 des candidatures examinera toutes les soumissions et travaillera \u00e0 pourvoir les postes au cours du mois d\u2019octobre.<\/p>\n<p><\/p>\n<p>La SMC compte <a href=\"https:\/\/smc.math.ca\/apropos-de-la-smc\/la-gouvernance\/comites-divers\/\">plusieurs comit\u00e9s permanents<\/a>, compos\u00e9s de b\u00e9n\u00e9voles qui se consacrent \u00e0 la mission et aux travaux importants de la Soci\u00e9t\u00e9. Nous vous invitons \u00e0 proposer la candidature de vos coll\u00e8gues \u00e0 ces possibilit\u00e9s de b\u00e9n\u00e9volat et \u00e0 ces postes \u00e9lus, ou \u00e0 manifester votre propre int\u00e9r\u00eat \u00e0 si\u00e9ger \u00e0 un comit\u00e9.<\/p>\n<p><\/p>\n<p>Pour pourvoir les postes vacants, le Comit\u00e9 des candidatures tiendra compte de la n\u00e9cessit\u00e9 pour les comit\u00e9s de repr\u00e9senter toute la diversit\u00e9 de la communaut\u00e9 math\u00e9matique canadienne, notamment en ce qui concerne les domaines d\u2019expertise math\u00e9matique, la r\u00e9gion, le genre, l\u2019\u00e9tape de la carri\u00e8re et d\u2019autres facteurs.<\/p>\n<p><\/p>\n<p>Soumettez votre avis d\u2019int\u00e9r\u00eat (ou proposez la candidature d\u2019une ou d\u2019un coll\u00e8gue) <a href=\"https:\/\/docs.google.com\/forms\/d\/e\/1FAIpQLSdJKIVYV9UQcuewuS0Oa70a6ZHBrvT7DjyqYltlE0p9mgn3Qw\/viewform?usp=sharing&amp;ouid=117273314370571665725\">ici.<\/a><\/p>\n<p><\/p>\n<figure class=\"wp-block-table\">\n<table class=\"has-fixed-layout\">\n<tbody>\n<tr>\n<td><strong data-start=\"3300\" data-end=\"3311\">Comit\u00e9s<\/strong><\/td>\n<td>Postes \u00e0 pourvoir<\/td>\n<\/tr>\n<tr>\n<td>Comit\u00e9 de l\u2019\u00e9ducation<\/td>\n<td>4 (membres) 1 (pr\u00e9sidence)<\/td>\n<\/tr>\n<tr>\n<td>Comit\u00e9 des subventions de dotation<\/td>\n<td>2 (membres)<\/td>\n<\/tr>\n<tr>\n<td>Comit\u00e9 sur l\u2019\u00e9quit\u00e9, la diversit\u00e9 et l\u2019inclusion<\/td>\n<td>1 (pr\u00e9sidence) 1 (membre)<\/td>\n<\/tr>\n<tr>\n<td>Comit\u00e9 de s\u00e9lection du Prix d\u2019excellence en enseignement<\/td>\n<td>1 (pr\u00e9sidence)<\/td>\n<\/tr>\n<tr>\n<td>Comit\u00e9 de s\u00e9lection des fellows<\/td>\n<td>2 (membres)<\/td>\n<\/tr>\n<tr>\n<td>Comit\u00e9 des affaires internationales<\/td>\n<td>1 (membre)<\/td>\n<\/tr>\n<tr>\n<td>Comit\u00e9 des fonds investis<\/td>\n<td>1 (pr\u00e9sidence) 1 (membre)<\/td>\n<\/tr>\n<tr>\n<td>Comit\u00e9 des concours de math\u00e9matiques<\/td>\n<td>2 (membres) 1 (pr\u00e9sidence)<\/td>\n<\/tr>\n<tr>\n<td>Comit\u00e9 des publications<\/td>\n<td>3 (membres)<\/td>\n<\/tr>\n<tr>\n<td>Comit\u00e9 de r\u00e9conciliation en math\u00e9matiques<\/td>\n<td>1 (pr\u00e9sidence) 2 (membres)<\/td>\n<\/tr>\n<tr>\n<td>Comit\u00e9 de la recherche<\/td>\n<td>1 (membre)<\/td>\n<\/tr>\n<tr>\n<td>Comit\u00e9 des \u00e9tudiants<\/td>\n<td>1 (directrice ou directeur \u00e9tudiant) 2 (membres)<\/td>\n<\/tr>\n<tr>\n<td>Comit\u00e9 du Prix international<\/td>\n<td>1 (r\u00e9gion \u2013 Qu\u00e9bec) 1 (pr\u00e9sidence) 1 (r\u00e9gion de l\u2019Atlantique) 1 (r\u00e9gion de l\u2019Ouest) 1 (membre hors r\u00e9gion)<\/td>\n<\/tr>\n<tr>\n<td>Comit\u00e9 de r\u00e9daction de Crux Mathematicorum<\/td>\n<td>1 (membre); 1 (r\u00e9dactrice ou r\u00e9dacteur adjoint) 1 (r\u00e9dactrice ou r\u00e9dacteur de MathemAttic) 1 (r\u00e9dactrice ou r\u00e9dacteur g\u00e9n\u00e9ral) 1 (responsable des op\u00e9rations \u00e9ditoriales) 1 (r\u00e9dactrice ou r\u00e9dacteur d\u2019articles) 2 (r\u00e9dactrices ou r\u00e9dacteurs de l\u2019Olympiade) 1 (assistante ou assistant \u00e0 la r\u00e9daction)<\/td>\n<\/tr>\n<tr>\n<td>Comit\u00e9 de r\u00e9daction des Notes de la SMC<\/td>\n<td>1 (r\u00e9dactrice ou r\u00e9dacteur collaborateur \u2013 recherche)<\/td>\n<\/tr>\n<\/tbody>\n<\/table>\n<\/figure>\n<p><\/p>\t\t\t\t\t\t\t\t<\/div>\n\t\t\t\t<\/div>\n\t\t\t\t\t<\/div>\n\t\t<\/div>\n\t\t\t\t\t<\/div>\n\t\t<\/section>\n\t\t\t\t<\/div>\n\t\t","protected":false},"author":12,"template":"","section":[488],"keyword":[],"class_list":["post-22621","article","type-article","status-publish","hentry","section-communique"],"toolset-meta":{"author-4-info":{"author-4-surname":{"type":"textfield","raw":""},"author-4-given-names":{"type":"textfield","raw":""},"author-4-honorific":{"type":"textfield","raw":""},"author-4-institution":{"type":"textfield","raw":""},"author-4-email":{"type":"email","raw":""},"author-4-cms-role":{"type":"textfield","raw":""}},"author-3-info":{"author-3-surname":{"type":"textfield","raw":""},"author-3-given-names":{"type":"textfield","raw":""},"author-3-honorific":{"type":"textfield","raw":""},"author-3-institution":{"type":"textfield","raw":""},"author-3-email":{"type":"email","raw":""},"author-3-cms-role":{"type":"textfield","raw":""}},"author-2-info":{"author-2-surname":{"type":"textfield","raw":""},"author-2-given-names":{"type":"textfield","raw":""},"author-2-honorific":{"type":"textfield","raw":""},"author-2-institution":{"type":"textfield","raw":""},"author-2-email":{"type":"email","raw":""},"author-2-cms-role":{"type":"textfield","raw":""}},"author-info":{"author-surname":{"type":"textfield","raw":""},"author-given-names":{"type":"textfield","raw":""},"author-honorific":{"type":"textfield","raw":""},"author-email":{"type":"email","raw":""},"author-institution":{"type":"textfield","raw":""},"author-cms-role":{"type":"textfield","raw":""}},"unknown":{"downloadable-pdf":{"type":"file","raw":"","attachment_id":null},"article-toc-weight":{"type":"numeric","raw":"1"},"author-surname":{"type":"textfield","raw":""},"author-given-names":{"type":"textfield","raw":""}}},"_links":{"self":[{"href":"https:\/\/mathmatters.cms.math.ca\/fr\/wp-json\/wp\/v2\/article\/22621","targetHints":{"allow":["GET"]}}],"collection":[{"href":"https:\/\/mathmatters.cms.math.ca\/fr\/wp-json\/wp\/v2\/article"}],"about":[{"href":"https:\/\/mathmatters.cms.math.ca\/fr\/wp-json\/wp\/v2\/types\/article"}],"author":[{"embeddable":true,"href":"https:\/\/mathmatters.cms.math.ca\/fr\/wp-json\/wp\/v2\/users\/12"}],"version-history":[{"count":9,"href":"https:\/\/mathmatters.cms.math.ca\/fr\/wp-json\/wp\/v2\/article\/22621\/revisions"}],"predecessor-version":[{"id":22707,"href":"https:\/\/mathmatters.cms.math.ca\/fr\/wp-json\/wp\/v2\/article\/22621\/revisions\/22707"}],"wp:attachment":[{"href":"https:\/\/mathmatters.cms.math.ca\/fr\/wp-json\/wp\/v2\/media?parent=22621"}],"wp:term":[{"taxonomy":"section","embeddable":true,"href":"https:\/\/mathmatters.cms.math.ca\/fr\/wp-json\/wp\/v2\/section?post=22621"},{"taxonomy":"keyword","embeddable":true,"href":"https:\/\/mathmatters.cms.math.ca\/fr\/wp-json\/wp\/v2\/keyword?post=22621"}],"curies":[{"name":"wp","href":"https:\/\/api.w.org\/{rel}","templated":true}]}}